{"id":2786,"date":"2015-06-23T20:52:30","date_gmt":"2015-06-23T20:52:30","guid":{"rendered":"http:\/\/sps.gov.ba\/?p=2786"},"modified":"2016-08-25T13:37:40","modified_gmt":"2016-08-25T13:37:40","slug":"udaljeno-lice-koje-predstavlja-prijetnju-bih","status":"publish","type":"post","link":"https:\/\/sps.gov.ba?p=2786","title":{"rendered":"Udaljeno lice koje predstavlja prijetnju BiH"},"content":{"rendered":"<p style=\"text-align: justify;\">Provode\u0107i poja\u010dane operativne mjere kontrole kretanja i boravka stranaca na podru\u010dju BiH, Slu\u017eba za poslove sa strancima je dana 23.06.2015. godine izrekla mjeru protjerivanja sa zabranom ulaska i boravka u BiH na period od 5 godina dr\u017eavljanki R. Srbije A.\u0160. (ro\u0111ena 1991. godine), koja je progla\u0161ena prijetnjom nacionalnoj sigurnosti BiH.<\/p>\n<p style=\"text-align: justify;\">Srbijanska dr\u017eavljanka koja se dovodi u vezu sa \u201cradikalnim sljedbenicima selefizma\u201d u BiH, locirana je od strane inspektora za strance u saradnji sa Obavje\u0161tajno-sigurnosnom agencijom BiH na podru\u010dju Sarajeva te je u cilju osiguranja izvr\u0161enja mjere protjerivanja te ograni\u010denja kretanja zbog prijetnje nacionalnoj sigurnosti BiH, privedena i smje\u0161tena pod nadzor u Imigracioni centar.<\/p>\n<p style=\"text-align: justify;\">Imenovana je u braku sa dr\u017eavljaninom BiH E.H. koji je u prethodnom periodu bio predmetom rada Dr\u017eavne agencije za istrage i za\u0161titu, te koji je li\u0161en slobode u akciji kodnog imena \u201eDamask\u201c. Slu\u017eba je odmah po prikupljanju podataka o njenim aktivnostima koje mogu naru\u0161iti sigurnost na\u0161e zemlje, istu procesuirala te se preduzimaju dalje mjere u cilju njenog udaljenja iz BiH.<\/p>\n<p style=\"text-align: justify;\">Slu\u017eba za poslove sa strancima \u0107e i u narednom periodu nastaviti provoditi poja\u010dane kontrole kretanja i boravka stranaca u BiH te svojim djelovanjem davati puni doprinos sigurnosti BiH.<\/p>\n","protected":false},"excerpt":{"rendered":"<p>Provode\u0107i poja\u010dane operativne mjere kontrole kretanja i boravka stranaca na podru\u010dju BiH, Slu\u017eba za poslove sa strancima je dana 23.06.2015. godine izrekla mjeru protjerivanja sa zabranom ulaska i boravka u BiH na period od 5 godina dr\u017eavljanki R. Srbije A.\u0160. (ro\u0111ena 1991. godine), koja je progla\u0161ena prijetnjom nacionalnoj sigurnosti BiH. Srbijanska dr\u017eavljanka koja se dovodi u vezu sa \u201cradikalnim sljedbenicima&nbsp;<a href=\"https:\/\/sps.gov.ba?p=2786\" class=\"read-more\">Continue Reading<\/a><\/p>\n","protected":false},"author":2,"featured_media":2843,"comment_status":"open","ping_status":"open","sticky":false,"template":"","format":"standard","meta":{"iawp_total_views":2,"footnotes":""},"categories":[69],"tags":[],"class_list":["post-2786","post","type-post","status-publish","format-standard","has-post-thumbnail","hentry","category-saopstenja","cat-69-id"],"_links":{"self":[{"href":"https:\/\/sps.gov.ba\/index.php?rest_route=\/wp\/v2\/posts\/2786","targetHints":{"allow":["GET"]}}],"collection":[{"href":"https:\/\/sps.gov.ba\/index.php?rest_route=\/wp\/v2\/posts"}],"about":[{"href":"https:\/\/sps.gov.ba\/index.php?rest_route=\/wp\/v2\/types\/post"}],"author":[{"embeddable":true,"href":"https:\/\/sps.gov.ba\/index.php?rest_route=\/wp\/v2\/users\/2"}],"replies":[{"embeddable":true,"href":"https:\/\/sps.gov.ba\/index.php?rest_route=%2Fwp%2Fv2%2Fcomments&post=2786"}],"version-history":[{"count":1,"href":"https:\/\/sps.gov.ba\/index.php?rest_route=\/wp\/v2\/posts\/2786\/revisions"}],"predecessor-version":[{"id":2787,"href":"https:\/\/sps.gov.ba\/index.php?rest_route=\/wp\/v2\/posts\/2786\/revisions\/2787"}],"wp:featuredmedia":[{"embeddable":true,"href":"https:\/\/sps.gov.ba\/index.php?rest_route=\/wp\/v2\/media\/2843"}],"wp:attachment":[{"href":"https:\/\/sps.gov.ba\/index.php?rest_route=%2Fwp%2Fv2%2Fmedia&parent=2786"}],"wp:term":[{"taxonomy":"category","embeddable":true,"href":"https:\/\/sps.gov.ba\/index.php?rest_route=%2Fwp%2Fv2%2Fcategories&post=2786"},{"taxonomy":"post_tag","embeddable":true,"href":"https:\/\/sps.gov.ba\/index.php?rest_route=%2Fwp%2Fv2%2Ftags&post=2786"}],"curies":[{"name":"wp","href":"https:\/\/api.w.org\/{rel}","templated":true}]}}