{"id":9184,"date":"2025-06-24T09:18:34","date_gmt":"2025-06-24T09:18:34","guid":{"rendered":"https:\/\/sps.gov.ba?p=9184"},"modified":"2025-06-24T10:56:59","modified_gmt":"2025-06-24T10:56:59","slug":"otkrivena-72-strana-drzavljanina-u-ilegalnom-smjestaju-na-ilidzi-sluzba-za-poslove-sa-strancima-nastavila-pojacane-kontrole","status":"publish","type":"post","link":"https:\/\/sps.gov.ba?p=9184","title":{"rendered":"Otkrivena 72 strana dr\u017eavljanina u ilegalnom smje\u0161taju na Ilid\u017ei \u2013 Slu\u017eba za poslove sa strancima nastavila poja\u010dane kontrole"},"content":{"rendered":"\n<p>Slu\u017eba za poslove sa strancima, u saradnji sa Ministarstvom unutra\u0161njih poslova Kantona Sarajevo i Kantonalnom upravom za inspekcijske poslove, dana 23. juna 2025. godine u jutarnjim satima, provela je koordinisanu operativnu akciju na podru\u010dju op\u0107ine Ilid\u017ea. Akcija je bila usmjerena na kontrolu kretanja i boravka stranih dr\u017eavljana, a s ciljem njihovog izmje\u0161tanja iz ilegalnog smje\u0161taja u Privremeno prihvatni centar Bla\u017euj.<\/p>\n\n\n\n<p>Tokom kontrole zate\u010deno je ukupno 72 lica, dr\u017eavljanina Banglade\u0161a, Pakistana i Indije, koji su ilegalno boravili u privatnim objektima na podru\u010dju op\u0161tine Ilid\u017ea.<\/p>\n\n\n\n<p>Slu\u017eba za poslove sa strancima navedena lica izmjestila je u Privremeno prihvatni centar Bla\u017euj, gdje je izvr\u0161ena identifikacija i registracija istih. Za odre\u0111eni broj stranih dr\u017eavljana izre\u010dena je mjera protjerivanja i stavljanja pod nadzor u Imigracioni centar u Isto\u010dnom Sarajevu.<\/p>\n\n\n\n<p>Dr\u017eavljanima BiH koji su pru\u017eali usluge smje\u0161taja, a nisu registrovani za pru\u017eanje istih usluga, niti su izvr\u0161ili prijave, shodno zakonu bi\u0107e izdati prekr\u0161ajni nalozi.<\/p>\n\n\n\n<p>Apelujemo vlasnicima privatnih objekata da se suzdr\u017ee od izdavanja smje\u0161taja licima koja nemaju regulisan boravak u Bosni i Hercegovini, jer je to protivno va\u017ee\u0107im propisima i mo\u017ee rezultirati prekr\u0161ajnim i krivi\u010dnim sankcijama.<\/p>\n\n\n\n<p>Slu\u017eba za poslove sa strancima \u0107e u narednom periodu nastaviti provoditi operativne aktivnosti sa ciljem vr\u0161enja kontrole ilegalnog boravka stranaca u Bosni i Hercegovini.<\/p>\n\n\n\n<figure class=\"wp-block-image size-large\"><a href=\"https:\/\/sps.gov.ba\/wp-content\/uploads\/2025\/06\/slika1.jpg\"><img decoding=\"async\" src=\"https:\/\/sps.gov.ba\/wp-content\/uploads\/2025\/06\/slika1-1024x576.jpg\" alt=\"\" class=\"wp-image-9180\"\/><\/a><\/figure>\n\n\n\n<figure class=\"wp-block-image size-large\"><a href=\"https:\/\/sps.gov.ba\/wp-content\/uploads\/2025\/06\/slika3-1.jpg\"><img loading=\"lazy\" decoding=\"async\" width=\"768\" height=\"1024\" src=\"https:\/\/sps.gov.ba\/wp-content\/uploads\/2025\/06\/slika3-1-768x1024.jpg\" alt=\"\" class=\"wp-image-9177\" srcset=\"https:\/\/sps.gov.ba\/wp-content\/uploads\/2025\/06\/slika3-1-768x1024.jpg 768w, https:\/\/sps.gov.ba\/wp-content\/uploads\/2025\/06\/slika3-1-225x300.jpg 225w, https:\/\/sps.gov.ba\/wp-content\/uploads\/2025\/06\/slika3-1.jpg 960w\" sizes=\"auto, (max-width: 768px) 100vw, 768px\" \/><\/a><\/figure>\n\n\n\n<figure class=\"wp-block-image size-large\"><a href=\"https:\/\/sps.gov.ba\/wp-content\/uploads\/2025\/06\/Bez-naslova89.jpg\"><img loading=\"lazy\" decoding=\"async\" width=\"576\" height=\"1024\" src=\"https:\/\/sps.gov.ba\/wp-content\/uploads\/2025\/06\/Bez-naslova89-576x1024.jpg\" alt=\"\" class=\"wp-image-9179\" srcset=\"https:\/\/sps.gov.ba\/wp-content\/uploads\/2025\/06\/Bez-naslova89-576x1024.jpg 576w, https:\/\/sps.gov.ba\/wp-content\/uploads\/2025\/06\/Bez-naslova89-169x300.jpg 169w, https:\/\/sps.gov.ba\/wp-content\/uploads\/2025\/06\/Bez-naslova89.jpg 720w\" sizes=\"auto, (max-width: 576px) 100vw, 576px\" \/><\/a><\/figure>\n\n\n\n<figure class=\"wp-block-image size-large\"><a href=\"https:\/\/sps.gov.ba\/wp-content\/uploads\/2025\/06\/slika4.jpg\"><img loading=\"lazy\" decoding=\"async\" width=\"576\" height=\"1024\" src=\"https:\/\/sps.gov.ba\/wp-content\/uploads\/2025\/06\/slika4-576x1024.jpg\" alt=\"\" class=\"wp-image-9178\" srcset=\"https:\/\/sps.gov.ba\/wp-content\/uploads\/2025\/06\/slika4-576x1024.jpg 576w, https:\/\/sps.gov.ba\/wp-content\/uploads\/2025\/06\/slika4-169x300.jpg 169w, https:\/\/sps.gov.ba\/wp-content\/uploads\/2025\/06\/slika4.jpg 720w\" sizes=\"auto, (max-width: 576px) 100vw, 576px\" \/><\/a><\/figure>\n","protected":false},"excerpt":{"rendered":"<p>Slu\u017eba za poslove sa strancima, u saradnji sa Ministarstvom unutra\u0161njih poslova Kantona Sarajevo i Kantonalnom upravom za inspekcijske poslove, dana 23. juna 2025. godine u jutarnjim satima, provela je koordinisanu operativnu akciju na podru\u010dju op\u0107ine Ilid\u017ea. Akcija je bila usmjerena na kontrolu kretanja i boravka stranih dr\u017eavljana, a s ciljem njihovog izmje\u0161tanja iz ilegalnog smje\u0161taja u Privremeno prihvatni centar Bla\u017euj.&nbsp;<a href=\"https:\/\/sps.gov.ba?p=9184\" class=\"read-more\">Continue Reading<\/a><\/p>\n","protected":false},"author":11,"featured_media":9180,"comment_status":"closed","ping_status":"closed","sticky":false,"template":"","format":"standard","meta":{"iawp_total_views":2,"footnotes":""},"categories":[69],"tags":[261,94,262],"class_list":["post-9184","post","type-post","status-publish","format-standard","has-post-thumbnail","hentry","category-saopstenja","tag-sluzba-za-poslove-sa-strancima-sr","tag-sps","tag-zarko-laketa-sr","cat-69-id"],"_links":{"self":[{"href":"https:\/\/sps.gov.ba\/index.php?rest_route=\/wp\/v2\/posts\/9184","targetHints":{"allow":["GET"]}}],"collection":[{"href":"https:\/\/sps.gov.ba\/index.php?rest_route=\/wp\/v2\/posts"}],"about":[{"href":"https:\/\/sps.gov.ba\/index.php?rest_route=\/wp\/v2\/types\/post"}],"author":[{"embeddable":true,"href":"https:\/\/sps.gov.ba\/index.php?rest_route=\/wp\/v2\/users\/11"}],"replies":[{"embeddable":true,"href":"https:\/\/sps.gov.ba\/index.php?rest_route=%2Fwp%2Fv2%2Fcomments&post=9184"}],"version-history":[{"count":2,"href":"https:\/\/sps.gov.ba\/index.php?rest_route=\/wp\/v2\/posts\/9184\/revisions"}],"predecessor-version":[{"id":9202,"href":"https:\/\/sps.gov.ba\/index.php?rest_route=\/wp\/v2\/posts\/9184\/revisions\/9202"}],"wp:featuredmedia":[{"embeddable":true,"href":"https:\/\/sps.gov.ba\/index.php?rest_route=\/wp\/v2\/media\/9180"}],"wp:attachment":[{"href":"https:\/\/sps.gov.ba\/index.php?rest_route=%2Fwp%2Fv2%2Fmedia&parent=9184"}],"wp:term":[{"taxonomy":"category","embeddable":true,"href":"https:\/\/sps.gov.ba\/index.php?rest_route=%2Fwp%2Fv2%2Fcategories&post=9184"},{"taxonomy":"post_tag","embeddable":true,"href":"https:\/\/sps.gov.ba\/index.php?rest_route=%2Fwp%2Fv2%2Ftags&post=9184"}],"curies":[{"name":"wp","href":"https:\/\/api.w.org\/{rel}","templated":true}]}}