{"id":9811,"date":"2026-03-12T11:51:32","date_gmt":"2026-03-12T11:51:32","guid":{"rendered":"https:\/\/sps.gov.ba?p=9811"},"modified":"2026-03-12T11:51:36","modified_gmt":"2026-03-12T11:51:36","slug":"posjeta-predstavnika-eufor-a-sluzbi-za-poslove-sa-strancima-2","status":"publish","type":"post","link":"https:\/\/sps.gov.ba?p=9811","title":{"rendered":"Posjeta predstavnika EUFOR-a Slu\u017ebi za poslove sa strancima"},"content":{"rendered":"\n<p>Direktor Slu\u017ebe za poslove sa strancima Bosne i Hercegovine, \u017darko Laketa, dana 12. marta 2026. godine ugostio je zamjenika komandanta Snaga Evropske unije u Bosni i Hercegovini (EUFOR), brigadnog generala Uberta Incisu di Cameranu, koji uskoro zavr\u0161ava svoju misiju u Bosni i Hercegovini.<\/p>\n\n\n\n<p>Susret je bio prilika da se osvrnu na dosada\u0161nju saradnju izme\u0111u Slu\u017ebe za poslove sa strancima i EUFOR-a, ali i da razgovaraju o izazovima koji prate upravljanje migracijama i sigurnosne procese u Bosni i Hercegovini. U takvim okolnostima, dobra koordinacija institucija i partnera ostaje jedan od klju\u010dnih faktora stabilnosti.<\/p>\n\n\n\n<p>Tokom sastanka brigadni general Incisa di Camerana predstavio je brigadnog generala Balinta Csabe Legozu, koji \u0107e u narednom periodu preuzeti du\u017enost zamjenika komandanta EUFOR-a u Bosni i Hercegovini.<\/p>\n\n\n\n<p>Direktor Laketa zahvalio je brigadnom generalu Ubertu Incisi di Camerani na saradnji i podr\u0161ci tokom njegovog mandata, uz \u017eelju da i u budu\u0107nosti nastavi uspje\u0161nu profesionalnu karijeru.<\/p>\n\n\n\n<figure class=\"wp-block-image size-large\"><a href=\"https:\/\/sps.gov.ba\/wp-content\/uploads\/2026\/03\/eufor1.jpg\"><img loading=\"lazy\" decoding=\"async\" width=\"768\" height=\"1024\" src=\"https:\/\/sps.gov.ba\/wp-content\/uploads\/2026\/03\/eufor1-768x1024.jpg\" alt=\"\" class=\"wp-image-9812\" srcset=\"https:\/\/sps.gov.ba\/wp-content\/uploads\/2026\/03\/eufor1-768x1024.jpg 768w, https:\/\/sps.gov.ba\/wp-content\/uploads\/2026\/03\/eufor1-225x300.jpg 225w, https:\/\/sps.gov.ba\/wp-content\/uploads\/2026\/03\/eufor1.jpg 960w\" sizes=\"auto, (max-width: 768px) 100vw, 768px\" \/><\/a><\/figure>\n\n\n\n<figure class=\"wp-block-image size-large\"><a href=\"https:\/\/sps.gov.ba\/wp-content\/uploads\/2026\/03\/eufor2.jpg\"><img loading=\"lazy\" decoding=\"async\" width=\"768\" height=\"1024\" src=\"https:\/\/sps.gov.ba\/wp-content\/uploads\/2026\/03\/eufor2-768x1024.jpg\" alt=\"\" class=\"wp-image-9813\" srcset=\"https:\/\/sps.gov.ba\/wp-content\/uploads\/2026\/03\/eufor2-768x1024.jpg 768w, https:\/\/sps.gov.ba\/wp-content\/uploads\/2026\/03\/eufor2-225x300.jpg 225w, https:\/\/sps.gov.ba\/wp-content\/uploads\/2026\/03\/eufor2.jpg 960w\" sizes=\"auto, (max-width: 768px) 100vw, 768px\" \/><\/a><\/figure>\n\n\n\n<figure class=\"wp-block-image size-large\"><a href=\"https:\/\/sps.gov.ba\/wp-content\/uploads\/2026\/03\/eufor3.jpg\"><img loading=\"lazy\" decoding=\"async\" width=\"768\" height=\"1024\" src=\"https:\/\/sps.gov.ba\/wp-content\/uploads\/2026\/03\/eufor3-768x1024.jpg\" alt=\"\" class=\"wp-image-9815\" srcset=\"https:\/\/sps.gov.ba\/wp-content\/uploads\/2026\/03\/eufor3-768x1024.jpg 768w, https:\/\/sps.gov.ba\/wp-content\/uploads\/2026\/03\/eufor3-225x300.jpg 225w, https:\/\/sps.gov.ba\/wp-content\/uploads\/2026\/03\/eufor3.jpg 960w\" sizes=\"auto, (max-width: 768px) 100vw, 768px\" \/><\/a><\/figure>\n\n\n\n<figure class=\"wp-block-image size-large\"><a href=\"https:\/\/sps.gov.ba\/wp-content\/uploads\/2026\/03\/eufor4.jpg\"><img loading=\"lazy\" decoding=\"async\" width=\"768\" height=\"1024\" src=\"https:\/\/sps.gov.ba\/wp-content\/uploads\/2026\/03\/eufor4-768x1024.jpg\" alt=\"\" class=\"wp-image-9816\" srcset=\"https:\/\/sps.gov.ba\/wp-content\/uploads\/2026\/03\/eufor4-768x1024.jpg 768w, https:\/\/sps.gov.ba\/wp-content\/uploads\/2026\/03\/eufor4-225x300.jpg 225w, https:\/\/sps.gov.ba\/wp-content\/uploads\/2026\/03\/eufor4.jpg 960w\" sizes=\"auto, (max-width: 768px) 100vw, 768px\" \/><\/a><\/figure>\n\n\n\n<figure class=\"wp-block-image size-large\"><a href=\"https:\/\/sps.gov.ba\/wp-content\/uploads\/2026\/03\/eufor5.jpg\"><img loading=\"lazy\" decoding=\"async\" width=\"768\" height=\"1024\" src=\"https:\/\/sps.gov.ba\/wp-content\/uploads\/2026\/03\/eufor5-768x1024.jpg\" alt=\"\" class=\"wp-image-9817\" srcset=\"https:\/\/sps.gov.ba\/wp-content\/uploads\/2026\/03\/eufor5-768x1024.jpg 768w, https:\/\/sps.gov.ba\/wp-content\/uploads\/2026\/03\/eufor5-225x300.jpg 225w, https:\/\/sps.gov.ba\/wp-content\/uploads\/2026\/03\/eufor5.jpg 960w\" sizes=\"auto, (max-width: 768px) 100vw, 768px\" \/><\/a><\/figure>\n\n\n\n<figure class=\"wp-block-image size-large\"><a href=\"https:\/\/sps.gov.ba\/wp-content\/uploads\/2026\/03\/eufor6.jpg\"><img loading=\"lazy\" decoding=\"async\" width=\"768\" height=\"1024\" src=\"https:\/\/sps.gov.ba\/wp-content\/uploads\/2026\/03\/eufor6-768x1024.jpg\" alt=\"\" class=\"wp-image-9818\" srcset=\"https:\/\/sps.gov.ba\/wp-content\/uploads\/2026\/03\/eufor6-768x1024.jpg 768w, https:\/\/sps.gov.ba\/wp-content\/uploads\/2026\/03\/eufor6-225x300.jpg 225w, https:\/\/sps.gov.ba\/wp-content\/uploads\/2026\/03\/eufor6.jpg 960w\" sizes=\"auto, (max-width: 768px) 100vw, 768px\" \/><\/a><\/figure>\n","protected":false},"excerpt":{"rendered":"<p>Direktor Slu\u017ebe za poslove sa strancima Bosne i Hercegovine, \u017darko Laketa, dana 12. marta 2026. godine ugostio je zamjenika komandanta Snaga Evropske unije u Bosni i Hercegovini (EUFOR), brigadnog generala Uberta Incisu di Cameranu, koji uskoro zavr\u0161ava svoju misiju u Bosni i Hercegovini. Susret je bio prilika da se osvrnu na dosada\u0161nju saradnju izme\u0111u Slu\u017ebe za poslove sa strancima i&nbsp;<a href=\"https:\/\/sps.gov.ba?p=9811\" class=\"read-more\">Continue Reading<\/a><\/p>\n","protected":false},"author":11,"featured_media":9812,"comment_status":"closed","ping_status":"closed","sticky":false,"template":"","format":"standard","meta":{"iawp_total_views":31,"footnotes":""},"categories":[69],"tags":[262],"class_list":["post-9811","post","type-post","status-publish","format-standard","has-post-thumbnail","hentry","category-saopstenja","tag-zarko-laketa-sr","cat-69-id"],"_links":{"self":[{"href":"https:\/\/sps.gov.ba\/index.php?rest_route=\/wp\/v2\/posts\/9811","targetHints":{"allow":["GET"]}}],"collection":[{"href":"https:\/\/sps.gov.ba\/index.php?rest_route=\/wp\/v2\/posts"}],"about":[{"href":"https:\/\/sps.gov.ba\/index.php?rest_route=\/wp\/v2\/types\/post"}],"author":[{"embeddable":true,"href":"https:\/\/sps.gov.ba\/index.php?rest_route=\/wp\/v2\/users\/11"}],"replies":[{"embeddable":true,"href":"https:\/\/sps.gov.ba\/index.php?rest_route=%2Fwp%2Fv2%2Fcomments&post=9811"}],"version-history":[{"count":1,"href":"https:\/\/sps.gov.ba\/index.php?rest_route=\/wp\/v2\/posts\/9811\/revisions"}],"predecessor-version":[{"id":9819,"href":"https:\/\/sps.gov.ba\/index.php?rest_route=\/wp\/v2\/posts\/9811\/revisions\/9819"}],"wp:featuredmedia":[{"embeddable":true,"href":"https:\/\/sps.gov.ba\/index.php?rest_route=\/wp\/v2\/media\/9812"}],"wp:attachment":[{"href":"https:\/\/sps.gov.ba\/index.php?rest_route=%2Fwp%2Fv2%2Fmedia&parent=9811"}],"wp:term":[{"taxonomy":"category","embeddable":true,"href":"https:\/\/sps.gov.ba\/index.php?rest_route=%2Fwp%2Fv2%2Fcategories&post=9811"},{"taxonomy":"post_tag","embeddable":true,"href":"https:\/\/sps.gov.ba\/index.php?rest_route=%2Fwp%2Fv2%2Ftags&post=9811"}],"curies":[{"name":"wp","href":"https:\/\/api.w.org\/{rel}","templated":true}]}}