{"id":9830,"date":"2026-03-13T14:38:09","date_gmt":"2026-03-13T14:38:09","guid":{"rendered":"https:\/\/sps.gov.ba?p=9830"},"modified":"2026-03-27T10:02:32","modified_gmt":"2026-03-27T10:02:32","slug":"direktor-laketa-i-sef-policije-brcko-distrikta-razgovarali-o-migracionim-kretanjima","status":"publish","type":"post","link":"https:\/\/sps.gov.ba?p=9830","title":{"rendered":"Direktor Laketa i \u0161ef Policije Br\u010dko distrikta razgovarali o migracionim kretanjima"},"content":{"rendered":"\n<p>Direktor Slu\u017ebe za poslove sa strancima Bosne i Hercegovine, \u017darko Laketa, odr\u017eao je sastanak sa \u0161efom Policije Br\u010dko distrikta Bosne i Hercegovine, Goranom Pisi\u0107em, tokom zvani\u010dne posjete Policiji Br\u010dko distrikta, na kojem su razgovarali o aktuelnim pitanjima u vezi sa migracionim kretanjima na podru\u010dju Br\u010dko distrikta.<br><br>Tokom susreta razmijenjene su informacije o trenutnoj procjeni migracionih tokova na ovom podru\u010dju, kao i o aktivnostima koje nadle\u017ene institucije provode s ciljem pra\u0107enja situacije i adekvatnog odgovora na izazove u oblasti migracija.<br><br>Sagovornici su istakli zna\u010daj dobre saradnje i kontinuirane komunikacije izme\u0111u institucija, nagla\u0161avaju\u0107i da koordinisano djelovanje i razmjena relevantnih informacija predstavljaju va\u017ean segment efikasnog upravljanja migracionim procesima.<br><br>U razgovoru je ocijenjeno da Slu\u017eba za poslove sa strancima i Policija Br\u010dko distrikta Bosne i Hercegovine ostvaruju kvalitetnu i profesionalnu saradnju, uz obostranu spremnost da se ona i u narednom periodu dodatno razvija i unapre\u0111uje kroz zajedni\u010dke aktivnosti i koordinaciju na terenu.<\/p>\n\n\n\n<figure class=\"wp-block-image size-large\"><a href=\"https:\/\/sps.gov.ba\/wp-content\/uploads\/2026\/03\/ab359afd-6f88-4d07-b2df-f91523b46e54.jpeg\"><img decoding=\"async\" src=\"https:\/\/sps.gov.ba\/wp-content\/uploads\/2026\/03\/ab359afd-6f88-4d07-b2df-f91523b46e54-768x1024.jpeg\" alt=\"\" class=\"wp-image-9831\"\/><\/a><\/figure>\n","protected":false},"excerpt":{"rendered":"<p>Direktor Slu\u017ebe za poslove sa strancima Bosne i Hercegovine, \u017darko Laketa, odr\u017eao je sastanak sa \u0161efom Policije Br\u010dko distrikta Bosne i Hercegovine, Goranom Pisi\u0107em, tokom zvani\u010dne posjete Policiji Br\u010dko distrikta, na kojem su razgovarali o aktuelnim pitanjima u vezi sa migracionim kretanjima na podru\u010dju Br\u010dko distrikta. Tokom susreta razmijenjene su informacije o trenutnoj procjeni migracionih tokova na ovom podru\u010dju, kao&nbsp;<a href=\"https:\/\/sps.gov.ba?p=9830\" class=\"read-more\">Continue Reading<\/a><\/p>\n","protected":false},"author":11,"featured_media":9831,"comment_status":"closed","ping_status":"closed","sticky":false,"template":"","format":"standard","meta":{"iawp_total_views":55,"footnotes":""},"categories":[69],"tags":[261,262],"class_list":["post-9830","post","type-post","status-publish","format-standard","has-post-thumbnail","hentry","category-saopstenja","tag-sluzba-za-poslove-sa-strancima-sr","tag-zarko-laketa-sr","cat-69-id"],"_links":{"self":[{"href":"https:\/\/sps.gov.ba\/index.php?rest_route=\/wp\/v2\/posts\/9830","targetHints":{"allow":["GET"]}}],"collection":[{"href":"https:\/\/sps.gov.ba\/index.php?rest_route=\/wp\/v2\/posts"}],"about":[{"href":"https:\/\/sps.gov.ba\/index.php?rest_route=\/wp\/v2\/types\/post"}],"author":[{"embeddable":true,"href":"https:\/\/sps.gov.ba\/index.php?rest_route=\/wp\/v2\/users\/11"}],"replies":[{"embeddable":true,"href":"https:\/\/sps.gov.ba\/index.php?rest_route=%2Fwp%2Fv2%2Fcomments&post=9830"}],"version-history":[{"count":3,"href":"https:\/\/sps.gov.ba\/index.php?rest_route=\/wp\/v2\/posts\/9830\/revisions"}],"predecessor-version":[{"id":9834,"href":"https:\/\/sps.gov.ba\/index.php?rest_route=\/wp\/v2\/posts\/9830\/revisions\/9834"}],"wp:featuredmedia":[{"embeddable":true,"href":"https:\/\/sps.gov.ba\/index.php?rest_route=\/wp\/v2\/media\/9831"}],"wp:attachment":[{"href":"https:\/\/sps.gov.ba\/index.php?rest_route=%2Fwp%2Fv2%2Fmedia&parent=9830"}],"wp:term":[{"taxonomy":"category","embeddable":true,"href":"https:\/\/sps.gov.ba\/index.php?rest_route=%2Fwp%2Fv2%2Fcategories&post=9830"},{"taxonomy":"post_tag","embeddable":true,"href":"https:\/\/sps.gov.ba\/index.php?rest_route=%2Fwp%2Fv2%2Ftags&post=9830"}],"curies":[{"name":"wp","href":"https:\/\/api.w.org\/{rel}","templated":true}]}}