{"id":8840,"date":"2024-12-11T07:51:32","date_gmt":"2024-12-11T07:51:32","guid":{"rendered":"https:\/\/sps.gov.ba?p=8840"},"modified":"2024-12-11T07:51:37","modified_gmt":"2024-12-11T07:51:37","slug":"casnici-za-vezu-mup-a-austrije-u-posjeti-sluzbi-za-poslove-sa-strancima","status":"publish","type":"post","link":"https:\/\/sps.gov.ba?p=8840&lang=hr","title":{"rendered":"\u010casnici za vezu MUP-a Austrije u posjeti Slu\u017ebi za poslove sa strancima"},"content":{"rendered":"\n<p>\u010casnik za vezu Ministarstva unutarnjih poslove Austrije u BiH, gospodin Karlheinz Gortano, \u010diji mandat isti\u010de krajem godine, i njegov nasljednik, gospodin Manfred Jur\u010devi\u0107, posjetili su Slu\u017ebu za poslove sa strancima. Posjeta je realizirana u okviru aktivnosti primopredaje du\u017enosti i daljeg ja\u010danja suradnje izme\u0111u institucija.<\/p>\n\n\n\n<p><br>Tijekom sastanka razgovarali su sa ravnateljem Slu\u017ebe za poslove sa strancima, gospodinom \u017darkom Laketom. Ravnatelj Laketa upoznao je gospodina Jur\u010devi\u0107a sa klju\u010dnim nadle\u017enostima i aktivnostima Slu\u017ebe, nagla\u0161avaju\u0107i va\u017enost suradnje izme\u0111u ove dvije institucije.<\/p>\n\n\n\n<p><br>Tako\u0111er, ravnatelj Laketa zahvalio je gospodinu Gortanu na dosada\u0161njoj suradnji i doprinosu u ja\u010danju odnosa izme\u0111u Slu\u017ebe za poslove sa strancima i Ministarstva unutarnjih poslova Austrije. Istovremeno, po\u017eelio je dobrodo\u0161licu gospodinu Jur\u010devi\u0107u, izra\u017eavaju\u0107i uvjerenje da \u0107e uspje\u0161na suradnja biti nastavljena i u narednom periodu na obostrano zadovoljstvo.<\/p>\n\n\n\n<figure class=\"wp-block-image size-large\"><a href=\"https:\/\/sps.gov.ba\/wp-content\/uploads\/2024\/12\/Bez-naslova-1.jpg\"><img loading=\"lazy\" decoding=\"async\" width=\"768\" height=\"1024\" src=\"https:\/\/sps.gov.ba\/wp-content\/uploads\/2024\/12\/Bez-naslova-1-768x1024.jpg\" alt=\"\" class=\"wp-image-8830\" srcset=\"https:\/\/sps.gov.ba\/wp-content\/uploads\/2024\/12\/Bez-naslova-1-768x1024.jpg 768w, https:\/\/sps.gov.ba\/wp-content\/uploads\/2024\/12\/Bez-naslova-1-225x300.jpg 225w, https:\/\/sps.gov.ba\/wp-content\/uploads\/2024\/12\/Bez-naslova-1.jpg 960w\" sizes=\"auto, (max-width: 768px) 100vw, 768px\" \/><\/a><\/figure>\n\n\n\n<figure class=\"wp-block-image size-large\"><a href=\"https:\/\/sps.gov.ba\/wp-content\/uploads\/2024\/12\/Bez-2.jpg\"><img loading=\"lazy\" decoding=\"async\" width=\"1024\" height=\"1024\" src=\"https:\/\/sps.gov.ba\/wp-content\/uploads\/2024\/12\/Bez-2-1024x1024.jpg\" alt=\"\" class=\"wp-image-8831\" srcset=\"https:\/\/sps.gov.ba\/wp-content\/uploads\/2024\/12\/Bez-2-1024x1024.jpg 1024w, https:\/\/sps.gov.ba\/wp-content\/uploads\/2024\/12\/Bez-2-300x300.jpg 300w, https:\/\/sps.gov.ba\/wp-content\/uploads\/2024\/12\/Bez-2-150x150.jpg 150w, https:\/\/sps.gov.ba\/wp-content\/uploads\/2024\/12\/Bez-2-768x768.jpg 768w, https:\/\/sps.gov.ba\/wp-content\/uploads\/2024\/12\/Bez-2.jpg 1440w\" sizes=\"auto, (max-width: 1024px) 100vw, 1024px\" \/><\/a><\/figure>\n\n\n\n<figure class=\"wp-block-image size-large\"><a href=\"https:\/\/sps.gov.ba\/wp-content\/uploads\/2024\/12\/Bez-1-1.jpg\"><img loading=\"lazy\" decoding=\"async\" width=\"1024\" height=\"1024\" src=\"https:\/\/sps.gov.ba\/wp-content\/uploads\/2024\/12\/Bez-1-1-1024x1024.jpg\" alt=\"\" class=\"wp-image-8835\" srcset=\"https:\/\/sps.gov.ba\/wp-content\/uploads\/2024\/12\/Bez-1-1-1024x1024.jpg 1024w, https:\/\/sps.gov.ba\/wp-content\/uploads\/2024\/12\/Bez-1-1-300x300.jpg 300w, https:\/\/sps.gov.ba\/wp-content\/uploads\/2024\/12\/Bez-1-1-150x150.jpg 150w, https:\/\/sps.gov.ba\/wp-content\/uploads\/2024\/12\/Bez-1-1-768x768.jpg 768w, https:\/\/sps.gov.ba\/wp-content\/uploads\/2024\/12\/Bez-1-1.jpg 1440w\" sizes=\"auto, (max-width: 1024px) 100vw, 1024px\" \/><\/a><\/figure>\n","protected":false},"excerpt":{"rendered":"<p>\u010casnik za vezu Ministarstva unutarnjih poslove Austrije u BiH, gospodin Karlheinz Gortano, \u010diji mandat isti\u010de krajem godine, i njegov nasljednik, gospodin Manfred Jur\u010devi\u0107, posjetili su Slu\u017ebu za poslove sa strancima. Posjeta je realizirana u okviru aktivnosti primopredaje du\u017enosti i daljeg ja\u010danja suradnje izme\u0111u institucija. Tijekom sastanka razgovarali su sa ravnateljem Slu\u017ebe za poslove sa strancima, gospodinom \u017darkom Laketom. Ravnatelj Laketa&nbsp;<a href=\"https:\/\/sps.gov.ba?p=8840&#038;lang=hr\" class=\"read-more\">Continue Reading<\/a><\/p>\n","protected":false},"author":11,"featured_media":8829,"comment_status":"closed","ping_status":"closed","sticky":false,"template":"","format":"standard","meta":{"iawp_total_views":1,"footnotes":""},"categories":[69],"tags":[],"class_list":["post-8840","post","type-post","status-publish","format-standard","has-post-thumbnail","hentry","category-saopstenja","cat-69-id"],"_links":{"self":[{"href":"https:\/\/sps.gov.ba\/index.php?rest_route=\/wp\/v2\/posts\/8840","targetHints":{"allow":["GET"]}}],"collection":[{"href":"https:\/\/sps.gov.ba\/index.php?rest_route=\/wp\/v2\/posts"}],"about":[{"href":"https:\/\/sps.gov.ba\/index.php?rest_route=\/wp\/v2\/types\/post"}],"author":[{"embeddable":true,"href":"https:\/\/sps.gov.ba\/index.php?rest_route=\/wp\/v2\/users\/11"}],"replies":[{"embeddable":true,"href":"https:\/\/sps.gov.ba\/index.php?rest_route=%2Fwp%2Fv2%2Fcomments&post=8840"}],"version-history":[{"count":1,"href":"https:\/\/sps.gov.ba\/index.php?rest_route=\/wp\/v2\/posts\/8840\/revisions"}],"predecessor-version":[{"id":8841,"href":"https:\/\/sps.gov.ba\/index.php?rest_route=\/wp\/v2\/posts\/8840\/revisions\/8841"}],"wp:featuredmedia":[{"embeddable":true,"href":"https:\/\/sps.gov.ba\/index.php?rest_route=\/wp\/v2\/media\/8829"}],"wp:attachment":[{"href":"https:\/\/sps.gov.ba\/index.php?rest_route=%2Fwp%2Fv2%2Fmedia&parent=8840"}],"wp:term":[{"taxonomy":"category","embeddable":true,"href":"https:\/\/sps.gov.ba\/index.php?rest_route=%2Fwp%2Fv2%2Fcategories&post=8840"},{"taxonomy":"post_tag","embeddable":true,"href":"https:\/\/sps.gov.ba\/index.php?rest_route=%2Fwp%2Fv2%2Ftags&post=8840"}],"curies":[{"name":"wp","href":"https:\/\/api.w.org\/{rel}","templated":true}]}}